{"id":28975,"date":"2018-03-22T08:31:08","date_gmt":"2018-03-22T07:31:08","guid":{"rendered":"https:\/\/saveurs-alsace.fr\/?p=28975"},"modified":"2018-03-28T09:50:19","modified_gmt":"2018-03-28T07:50:19","slug":"deguster-une-bonne-biere-de-printemps","status":"publish","type":"post","link":"https:\/\/saveurs-alsace.fr\/?p=28975","title":{"rendered":"D\u00e9guster une bonne Bi\u00e8re de Printemps !"},"content":{"rendered":"<p><strong>D\u00e9guster une bonne Bi\u00e8re de Printemps chez Saveurs d&rsquo;Alsace !<\/strong><\/p>\n<p>La Bi\u00e8re de Printemps Meteor se caract\u00e9rise par sa robe caramel aux reflets cuivr\u00e9s, sa mousse onctueuse et compacte. Bi\u00e8re fra\u00eeche et l\u00e9g\u00e8re, dot\u00e9e d&rsquo;une faible amertume, elle laisse entrevoir des saveurs de fruits blancs sucr\u00e9s.<\/p>\n<p>Agr\u00e9able en accompagnement de desserts fruit\u00e9s ou de crudit\u00e9s ap\u00e9ritives.<br \/>\nLes amateurs ne seront pas d\u00e9\u00e7us !<\/p>\n<p><span style=\"text-decoration: underline;\">Signes distinctifs de la Bi\u00e8re de Printemps Meteor<\/span> :<br \/>\n&#8211; M\u00e9daille d\u2019Argent au Concours National des Meilleurs Bi\u00e8res Fran\u00e7aises 2017<br \/>\n&#8211; M\u00e9daille d&rsquo;argent France au World Beer Awards 2016, cat\u00e9gorie Seasonal Pale Ale<br \/>\n&#8211; M\u00e9daille d&rsquo;argent au concours g\u00e9n\u00e9ral de Lyon 2015<br \/>\n&#8211; M\u00e9daille de bronze au concours g\u00e9n\u00e9ral agricole 2014<\/p>\n<p>Volume d\u2019alcool : 5,5%<\/p>\n<p>Bonne d\u00e9gustation \u00e0 toutes et \u00e0 tous !<\/p>\n<p><em>(l&rsquo;abus d&rsquo;alcool est dangereux pour la sant\u00e9, \u00e0 consommer avec mod\u00e9ration)<\/em><\/p>\n<p>&nbsp;<\/p>\n","protected":false},"excerpt":{"rendered":"<p>D\u00e9guster une bonne Bi\u00e8re de Printemps chez Saveurs d&rsquo;Alsace ! La Bi\u00e8re de Printemps Meteor se caract\u00e9rise par sa robe caramel aux reflets cuivr\u00e9s, sa mousse onctueuse et compacte. Bi\u00e8re fra\u00eeche et l\u00e9g\u00e8re, dot\u00e9e d&rsquo;une faible amertume, elle laisse entrevoir des saveurs de fruits blancs sucr\u00e9s. Agr\u00e9able en accompagnement de desserts fruit\u00e9s ou de crudit\u00e9s [&hellip;]<\/p>\n","protected":false},"author":2,"featured_media":28978,"comment_status":"closed","ping_status":"closed","sticky":false,"template":"","format":"standard","meta":{"footnotes":""},"categories":[18],"tags":[],"class_list":["post-28975","post","type-post","status-publish","format-standard","has-post-thumbnail","hentry","category-actualites"],"amp_enabled":true,"_links":{"self":[{"href":"https:\/\/saveurs-alsace.fr\/index.php?rest_route=\/wp\/v2\/posts\/28975","targetHints":{"allow":["GET"]}}],"collection":[{"href":"https:\/\/saveurs-alsace.fr\/index.php?rest_route=\/wp\/v2\/posts"}],"about":[{"href":"https:\/\/saveurs-alsace.fr\/index.php?rest_route=\/wp\/v2\/types\/post"}],"author":[{"embeddable":true,"href":"https:\/\/saveurs-alsace.fr\/index.php?rest_route=\/wp\/v2\/users\/2"}],"replies":[{"embeddable":true,"href":"https:\/\/saveurs-alsace.fr\/index.php?rest_route=%2Fwp%2Fv2%2Fcomments&post=28975"}],"version-history":[{"count":2,"href":"https:\/\/saveurs-alsace.fr\/index.php?rest_route=\/wp\/v2\/posts\/28975\/revisions"}],"predecessor-version":[{"id":28977,"href":"https:\/\/saveurs-alsace.fr\/index.php?rest_route=\/wp\/v2\/posts\/28975\/revisions\/28977"}],"wp:featuredmedia":[{"embeddable":true,"href":"https:\/\/saveurs-alsace.fr\/index.php?rest_route=\/wp\/v2\/media\/28978"}],"wp:attachment":[{"href":"https:\/\/saveurs-alsace.fr\/index.php?rest_route=%2Fwp%2Fv2%2Fmedia&parent=28975"}],"wp:term":[{"taxonomy":"category","embeddable":true,"href":"https:\/\/saveurs-alsace.fr\/index.php?rest_route=%2Fwp%2Fv2%2Fcategories&post=28975"},{"taxonomy":"post_tag","embeddable":true,"href":"https:\/\/saveurs-alsace.fr\/index.php?rest_route=%2Fwp%2Fv2%2Ftags&post=28975"}],"curies":[{"name":"wp","href":"https:\/\/api.w.org\/{rel}","templated":true}]}}