{"id":28981,"date":"2018-03-27T20:22:54","date_gmt":"2018-03-27T18:22:54","guid":{"rendered":"https:\/\/saveurs-alsace.fr\/?p=28981"},"modified":"2018-03-28T09:50:12","modified_gmt":"2018-03-28T07:50:12","slug":"le-lammele-sinvite-pour-paques","status":"publish","type":"post","link":"https:\/\/saveurs-alsace.fr\/?p=28981","title":{"rendered":"Le \u00ab\u00a0L\u00e4mmele\u00a0\u00bb s&rsquo;invite pour P\u00e2ques !"},"content":{"rendered":"<p><strong>Le L\u00e4mmele fait son entr\u00e9e chez Saveurs d&rsquo;Alsace !<\/strong><\/p>\n<p>Le L\u00e4melle ou Lamala, signifiant \u00ab\u00a0petit agneau pascal\u00a0\u00bb en Alsace, est partag\u00e9 lors du petit d\u00e9jeuner de P\u00e2ques.<br \/>\nCette tradition typiquement alsacienne du L\u00e4mmele est attest\u00e9e dans une correspondance du th\u00e9ologien catholique Thomas Murner, en 1519 : le fianc\u00e9 offrait un agneau pascal \u00e0 sa fianc\u00e9e. On l\u2019offrait aussi aux enfants au retour de l&rsquo;office de P\u00e2ques.<\/p>\n<p>C&rsquo;est un d\u00e9licieux biscuit moelleux, saupoudr\u00e9 de sucre glace et d\u00e9cor\u00e9 d&rsquo;une \u00e9charpe rouge aux couleurs de l&rsquo;Alsace. Il est traditionnellement cuit dans un moule en terre cuite.<\/p>\n<p><strong style=\"color: #ff0000;\">Attention, quantit\u00e9 limit\u00e9e !!!<\/strong><\/p>\n<p>A tr\u00e8s bient\u00f4t !<\/p>\n<p>&nbsp;<\/p>\n","protected":false},"excerpt":{"rendered":"<p>Le L\u00e4mmele fait son entr\u00e9e chez Saveurs d&rsquo;Alsace ! Le L\u00e4melle ou Lamala, signifiant \u00ab\u00a0petit agneau pascal\u00a0\u00bb en Alsace, est partag\u00e9 lors du petit d\u00e9jeuner de P\u00e2ques. Cette tradition typiquement alsacienne du L\u00e4mmele est attest\u00e9e dans une correspondance du th\u00e9ologien catholique Thomas Murner, en 1519 : le fianc\u00e9 offrait un agneau pascal \u00e0 sa fianc\u00e9e. [&hellip;]<\/p>\n","protected":false},"author":2,"featured_media":28983,"comment_status":"closed","ping_status":"closed","sticky":false,"template":"","format":"standard","meta":{"footnotes":""},"categories":[22],"tags":[],"class_list":["post-28981","post","type-post","status-publish","format-standard","has-post-thumbnail","hentry","category-produits"],"amp_enabled":true,"_links":{"self":[{"href":"https:\/\/saveurs-alsace.fr\/index.php?rest_route=\/wp\/v2\/posts\/28981","targetHints":{"allow":["GET"]}}],"collection":[{"href":"https:\/\/saveurs-alsace.fr\/index.php?rest_route=\/wp\/v2\/posts"}],"about":[{"href":"https:\/\/saveurs-alsace.fr\/index.php?rest_route=\/wp\/v2\/types\/post"}],"author":[{"embeddable":true,"href":"https:\/\/saveurs-alsace.fr\/index.php?rest_route=\/wp\/v2\/users\/2"}],"replies":[{"embeddable":true,"href":"https:\/\/saveurs-alsace.fr\/index.php?rest_route=%2Fwp%2Fv2%2Fcomments&post=28981"}],"version-history":[{"count":2,"href":"https:\/\/saveurs-alsace.fr\/index.php?rest_route=\/wp\/v2\/posts\/28981\/revisions"}],"predecessor-version":[{"id":28984,"href":"https:\/\/saveurs-alsace.fr\/index.php?rest_route=\/wp\/v2\/posts\/28981\/revisions\/28984"}],"wp:featuredmedia":[{"embeddable":true,"href":"https:\/\/saveurs-alsace.fr\/index.php?rest_route=\/wp\/v2\/media\/28983"}],"wp:attachment":[{"href":"https:\/\/saveurs-alsace.fr\/index.php?rest_route=%2Fwp%2Fv2%2Fmedia&parent=28981"}],"wp:term":[{"taxonomy":"category","embeddable":true,"href":"https:\/\/saveurs-alsace.fr\/index.php?rest_route=%2Fwp%2Fv2%2Fcategories&post=28981"},{"taxonomy":"post_tag","embeddable":true,"href":"https:\/\/saveurs-alsace.fr\/index.php?rest_route=%2Fwp%2Fv2%2Ftags&post=28981"}],"curies":[{"name":"wp","href":"https:\/\/api.w.org\/{rel}","templated":true}]}}