{"id":28985,"date":"2018-03-28T10:00:01","date_gmt":"2018-03-28T08:00:01","guid":{"rendered":"https:\/\/saveurs-alsace.fr\/?p=28985"},"modified":"2018-03-28T10:01:08","modified_gmt":"2018-03-28T08:01:08","slug":"le-foie-gras-dalsace","status":"publish","type":"post","link":"https:\/\/saveurs-alsace.fr\/?p=28985","title":{"rendered":"Un mets d&rsquo;excellence, le Foie Gras d&rsquo;Alsace !"},"content":{"rendered":"<p><strong>Un mets d&rsquo;excellence, le Foie Gras d&rsquo;Alsace !<\/strong><\/p>\n<p>Pour les F\u00eates de P\u00e2ques, Saveurs d&rsquo;Alsace vous propose une s\u00e9lection de Foies Gras d&rsquo;Oie et de Canard mi-cuits.<\/p>\n<p>Notre offre de P\u00e2ques sur le foie gras :<br \/>\n&#8211; <strong>remise de 20% sur l&rsquo;ensemble de la gamme<\/strong><br \/>\n&#8211; un pot de chutney aux fruits offert avec tout achat de foie gras<\/p>\n<p style=\"text-align: center;\"><strong><span style=\"font-size: 14pt;\">Rendez-vous en boutique les 30 et 31 mars<\/span><\/strong><br \/>\n<strong><span style=\"font-size: 14pt;\"> D\u00e9gustation de foie gras tout au long de ces 2 journ\u00e9es.<\/span><\/strong><\/p>\n<p>A bient\u00f4t et Joyeuses P\u00e2ques \u00e0 tous !<\/p>\n<p>&nbsp;<\/p>\n","protected":false},"excerpt":{"rendered":"<p>Un mets d&rsquo;excellence, le Foie Gras d&rsquo;Alsace ! Pour les F\u00eates de P\u00e2ques, Saveurs d&rsquo;Alsace vous propose une s\u00e9lection de Foies Gras d&rsquo;Oie et de Canard mi-cuits. Notre offre de P\u00e2ques sur le foie gras : &#8211; remise de 20% sur l&rsquo;ensemble de la gamme &#8211; un pot de chutney aux fruits offert avec tout [&hellip;]<\/p>\n","protected":false},"author":2,"featured_media":28988,"comment_status":"closed","ping_status":"closed","sticky":false,"template":"","format":"standard","meta":{"footnotes":""},"categories":[22],"tags":[],"class_list":["post-28985","post","type-post","status-publish","format-standard","has-post-thumbnail","hentry","category-produits"],"amp_enabled":true,"_links":{"self":[{"href":"https:\/\/saveurs-alsace.fr\/index.php?rest_route=\/wp\/v2\/posts\/28985","targetHints":{"allow":["GET"]}}],"collection":[{"href":"https:\/\/saveurs-alsace.fr\/index.php?rest_route=\/wp\/v2\/posts"}],"about":[{"href":"https:\/\/saveurs-alsace.fr\/index.php?rest_route=\/wp\/v2\/types\/post"}],"author":[{"embeddable":true,"href":"https:\/\/saveurs-alsace.fr\/index.php?rest_route=\/wp\/v2\/users\/2"}],"replies":[{"embeddable":true,"href":"https:\/\/saveurs-alsace.fr\/index.php?rest_route=%2Fwp%2Fv2%2Fcomments&post=28985"}],"version-history":[{"count":3,"href":"https:\/\/saveurs-alsace.fr\/index.php?rest_route=\/wp\/v2\/posts\/28985\/revisions"}],"predecessor-version":[{"id":28989,"href":"https:\/\/saveurs-alsace.fr\/index.php?rest_route=\/wp\/v2\/posts\/28985\/revisions\/28989"}],"wp:featuredmedia":[{"embeddable":true,"href":"https:\/\/saveurs-alsace.fr\/index.php?rest_route=\/wp\/v2\/media\/28988"}],"wp:attachment":[{"href":"https:\/\/saveurs-alsace.fr\/index.php?rest_route=%2Fwp%2Fv2%2Fmedia&parent=28985"}],"wp:term":[{"taxonomy":"category","embeddable":true,"href":"https:\/\/saveurs-alsace.fr\/index.php?rest_route=%2Fwp%2Fv2%2Fcategories&post=28985"},{"taxonomy":"post_tag","embeddable":true,"href":"https:\/\/saveurs-alsace.fr\/index.php?rest_route=%2Fwp%2Fv2%2Ftags&post=28985"}],"curies":[{"name":"wp","href":"https:\/\/api.w.org\/{rel}","templated":true}]}}