{"id":29260,"date":"2021-12-05T17:39:49","date_gmt":"2021-12-05T16:39:49","guid":{"rendered":"https:\/\/saveurs-alsace.fr\/?p=29260"},"modified":"2021-12-05T17:39:49","modified_gmt":"2021-12-05T16:39:49","slug":"les-fetes-de-fin-dannee-approchent","status":"publish","type":"post","link":"https:\/\/saveurs-alsace.fr\/?p=29260","title":{"rendered":"Les f\u00eates de fin d&rsquo;ann\u00e9e approchent !"},"content":{"rendered":"<p>&nbsp;<\/p>\n<p><strong>Les f\u00eates de fin d&rsquo;ann\u00e9e approchent !<\/strong><\/p>\n<p>Saveurs d\u2019Alsace vous propose de d\u00e9licieux menus pour les r\u00e9veillons de No\u00ebl et de Nouvel An.<\/p>\n<div dir=\"auto\">Date limite pour vos commandes :<\/div>\n<div dir=\"auto\">&#8211; Pour No\u00ebl : jusqu&rsquo;au 16 d\u00e9cembre<\/div>\n<div dir=\"auto\">&#8211; Pour le Nouvel An : jusqu&rsquo;au 23 d\u00e9cembre<\/div>\n<div dir=\"auto\"><\/div>\n<div class=\"mceTemp\"><\/div>\n<div id=\"attachment_29254\" style=\"width: 565px\" class=\"wp-caption aligncenter\"><a href=\"https:\/\/saveurs-alsace.fr\/wp-content\/uploads\/2021\/12\/SDA-fetes-noel-2022.pdf\"><img loading=\"lazy\" decoding=\"async\" aria-describedby=\"caption-attachment-29254\" class=\"wp-image-29254 size-full\" src=\"https:\/\/saveurs-alsace.fr\/wp-content\/uploads\/2021\/12\/SDA-papilles-festives.jpg\" alt=\"\" width=\"555\" height=\"790\" srcset=\"https:\/\/saveurs-alsace.fr\/wp-content\/uploads\/2021\/12\/SDA-papilles-festives.jpg 555w, https:\/\/saveurs-alsace.fr\/wp-content\/uploads\/2021\/12\/SDA-papilles-festives-211x300.jpg 211w\" sizes=\"auto, (max-width: 555px) 100vw, 555px\" \/><\/a><p id=\"caption-attachment-29254\" class=\"wp-caption-text\">Mettez vos papilles en extase avec nos d\u00e9licieux menus !<\/p><\/div>\n<p><a href=\"https:\/\/saveurs-alsace.fr\/wp-content\/uploads\/2021\/12\/SDA-fetes-noel-2022.pdf\" target=\"_blank\" rel=\"noopener\"> <strong><em>T\u00e9l\u00e9chargez notre Menu de F\u00eates de fin d&rsquo;ann\u00e9e <\/em><\/strong><\/a><\/p>\n<p>A bient\u00f4t en boutique et bonnes commandes !<\/p>\n","protected":false},"excerpt":{"rendered":"<p>&nbsp; Les f\u00eates de fin d&rsquo;ann\u00e9e approchent ! Saveurs d\u2019Alsace vous propose de d\u00e9licieux menus pour les r\u00e9veillons de No\u00ebl et de Nouvel An. Date limite pour vos commandes : &#8211; Pour No\u00ebl : jusqu&rsquo;au 16 d\u00e9cembre &#8211; Pour le Nouvel An : jusqu&rsquo;au 23 d\u00e9cembre T\u00e9l\u00e9chargez notre Menu de F\u00eates de fin d&rsquo;ann\u00e9e A [&hellip;]<\/p>\n","protected":false},"author":3,"featured_media":29254,"comment_status":"open","ping_status":"open","sticky":false,"template":"","format":"standard","meta":{"footnotes":""},"categories":[18],"tags":[],"class_list":["post-29260","post","type-post","status-publish","format-standard","has-post-thumbnail","hentry","category-actualites"],"amp_enabled":true,"_links":{"self":[{"href":"https:\/\/saveurs-alsace.fr\/index.php?rest_route=\/wp\/v2\/posts\/29260","targetHints":{"allow":["GET"]}}],"collection":[{"href":"https:\/\/saveurs-alsace.fr\/index.php?rest_route=\/wp\/v2\/posts"}],"about":[{"href":"https:\/\/saveurs-alsace.fr\/index.php?rest_route=\/wp\/v2\/types\/post"}],"author":[{"embeddable":true,"href":"https:\/\/saveurs-alsace.fr\/index.php?rest_route=\/wp\/v2\/users\/3"}],"replies":[{"embeddable":true,"href":"https:\/\/saveurs-alsace.fr\/index.php?rest_route=%2Fwp%2Fv2%2Fcomments&post=29260"}],"version-history":[{"count":1,"href":"https:\/\/saveurs-alsace.fr\/index.php?rest_route=\/wp\/v2\/posts\/29260\/revisions"}],"predecessor-version":[{"id":29261,"href":"https:\/\/saveurs-alsace.fr\/index.php?rest_route=\/wp\/v2\/posts\/29260\/revisions\/29261"}],"wp:featuredmedia":[{"embeddable":true,"href":"https:\/\/saveurs-alsace.fr\/index.php?rest_route=\/wp\/v2\/media\/29254"}],"wp:attachment":[{"href":"https:\/\/saveurs-alsace.fr\/index.php?rest_route=%2Fwp%2Fv2%2Fmedia&parent=29260"}],"wp:term":[{"taxonomy":"category","embeddable":true,"href":"https:\/\/saveurs-alsace.fr\/index.php?rest_route=%2Fwp%2Fv2%2Fcategories&post=29260"},{"taxonomy":"post_tag","embeddable":true,"href":"https:\/\/saveurs-alsace.fr\/index.php?rest_route=%2Fwp%2Fv2%2Ftags&post=29260"}],"curies":[{"name":"wp","href":"https:\/\/api.w.org\/{rel}","templated":true}]}}